{"id":867,"date":"2012-10-08T10:44:08","date_gmt":"2012-10-08T10:44:08","guid":{"rendered":"http:\/\/www.monika-bidner.at\/art\/?p=867"},"modified":"2013-01-24T11:39:03","modified_gmt":"2013-01-24T11:39:03","slug":"katalogprasentation-2012-2014-30-jahre-galerie-bertrand-kass-mit-jubilaumsausstellung","status":"publish","type":"post","link":"https:\/\/www.monika-bidner.at\/art\/katalogprasentation-2012-2014-30-jahre-galerie-bertrand-kass-mit-jubilaumsausstellung\/","title":{"rendered":"2012 \u2013 Katalogpr\u00e4sentation 2012 \u2013 2014, \u201c30 Jahre Galerie Bertrand Kass\u201d mit Jubil\u00e4umsausstellung"},"content":{"rendered":"<p>Jubil\u00e4umsausstellung <strong>&#8222;30 Jahre Galerieaktivit\u00e4t Bertrand Kass&#8220;<\/strong> und Pr\u00e4sentation des neuen Galeriekataloges<\/p>\n\n\t\t<style type=\"text\/css\">\n\t\t\t#gallery-1 {\n\t\t\t\tmargin: auto;\n\t\t\t}\n\t\t\t#gallery-1 .gallery-item {\n\t\t\t\tfloat: left;\n\t\t\t\tmargin-top: 10px;\n\t\t\t\ttext-align: center;\n\t\t\t\twidth: 20%;\n\t\t\t}\n\t\t\t#gallery-1 img {\n\t\t\t\tborder: 2px solid #cfcfcf;\n\t\t\t}\n\t\t\t#gallery-1 .gallery-caption {\n\t\t\t\tmargin-left: 0;\n\t\t\t}\n\t\t\t\/* see gallery_shortcode() in wp-includes\/media.php *\/\n\t\t<\/style>\n\t\t<div id='gallery-1' class='gallery galleryid-867 gallery-columns-5 gallery-size-thumbnail'><dl class='gallery-item'>\n\t\t\t<dt class='gallery-icon landscape'>\n\t\t\t\t<a title=\"Jubila\u0308umsausstellung_2012\" href='https:\/\/www.monika-bidner.at\/art\/wp-content\/uploads\/Jubila\u0308umsausstellung_2012.jpg'><img loading=\"lazy\" decoding=\"async\" width=\"150\" height=\"150\" src=\"https:\/\/www.monika-bidner.at\/art\/wp-content\/uploads\/Jubila\u0308umsausstellung_2012-150x150.jpg\" class=\"attachment-thumbnail size-thumbnail\" alt=\"\" \/><\/a>\n\t\t\t<\/dt><\/dl><dl class='gallery-item'>\n\t\t\t<dt class='gallery-icon landscape'>\n\t\t\t\t<a title=\"BILD0004\" href='https:\/\/www.monika-bidner.at\/art\/wp-content\/uploads\/BILD0004.jpg'><img loading=\"lazy\" decoding=\"async\" width=\"150\" height=\"150\" src=\"https:\/\/www.monika-bidner.at\/art\/wp-content\/uploads\/BILD0004-150x150.jpg\" class=\"attachment-thumbnail size-thumbnail\" alt=\"\" \/><\/a>\n\t\t\t<\/dt><\/dl><dl class='gallery-item'>\n\t\t\t<dt class='gallery-icon portrait'>\n\t\t\t\t<a title=\"IMG_1848a\" href='https:\/\/www.monika-bidner.at\/art\/wp-content\/uploads\/IMG_1848a.jpg'><img loading=\"lazy\" decoding=\"async\" width=\"150\" height=\"150\" src=\"https:\/\/www.monika-bidner.at\/art\/wp-content\/uploads\/IMG_1848a-150x150.jpg\" class=\"attachment-thumbnail size-thumbnail\" alt=\"\" \/><\/a>\n\t\t\t<\/dt><\/dl><dl class='gallery-item'>\n\t\t\t<dt class='gallery-icon portrait'>\n\t\t\t\t<a title=\"IMG_1846\" href='https:\/\/www.monika-bidner.at\/art\/wp-content\/uploads\/IMG_1846.jpg'><img loading=\"lazy\" decoding=\"async\" width=\"150\" height=\"150\" src=\"https:\/\/www.monika-bidner.at\/art\/wp-content\/uploads\/IMG_1846-150x150.jpg\" class=\"attachment-thumbnail size-thumbnail\" alt=\"\" \/><\/a>\n\t\t\t<\/dt><\/dl>\n\t\t\t<br style='clear: both' \/>\n\t\t<\/div>\n\n<hr \/>\n<p style=\"text-align: right;\"><a title=\"2012\" href=\"http:\/\/www.monika-bidner.at\/art\/ausstellungen\/ausstellungen-2012\/\">\u00ab zur\u00fcck zur \u00dcbersicht<\/a><\/p>\n","protected":false},"excerpt":{"rendered":"<p>Jubil\u00e4umsausstellung &#8222;30 Jahre Galerieaktivit\u00e4t Bertrand Kass&#8220; und Pr\u00e4sentation des neuen Galeriekataloges \u00ab zur\u00fcck zur \u00dcbersicht<\/p>\n","protected":false},"author":1,"featured_media":957,"comment_status":"closed","ping_status":"closed","sticky":false,"template":"","format":"standard","meta":{"footnotes":""},"categories":[10],"tags":[],"_links":{"self":[{"href":"https:\/\/www.monika-bidner.at\/art\/wp-json\/wp\/v2\/posts\/867"}],"collection":[{"href":"https:\/\/www.monika-bidner.at\/art\/wp-json\/wp\/v2\/posts"}],"about":[{"href":"https:\/\/www.monika-bidner.at\/art\/wp-json\/wp\/v2\/types\/post"}],"author":[{"embeddable":true,"href":"https:\/\/www.monika-bidner.at\/art\/wp-json\/wp\/v2\/users\/1"}],"replies":[{"embeddable":true,"href":"https:\/\/www.monika-bidner.at\/art\/wp-json\/wp\/v2\/comments?post=867"}],"version-history":[{"count":9,"href":"https:\/\/www.monika-bidner.at\/art\/wp-json\/wp\/v2\/posts\/867\/revisions"}],"predecessor-version":[{"id":1279,"href":"https:\/\/www.monika-bidner.at\/art\/wp-json\/wp\/v2\/posts\/867\/revisions\/1279"}],"wp:featuredmedia":[{"embeddable":true,"href":"https:\/\/www.monika-bidner.at\/art\/wp-json\/wp\/v2\/media\/957"}],"wp:attachment":[{"href":"https:\/\/www.monika-bidner.at\/art\/wp-json\/wp\/v2\/media?parent=867"}],"wp:term":[{"taxonomy":"category","embeddable":true,"href":"https:\/\/www.monika-bidner.at\/art\/wp-json\/wp\/v2\/categories?post=867"},{"taxonomy":"post_tag","embeddable":true,"href":"https:\/\/www.monika-bidner.at\/art\/wp-json\/wp\/v2\/tags?post=867"}],"curies":[{"name":"wp","href":"https:\/\/api.w.org\/{rel}","templated":true}]}}