{"id":448,"date":"2012-03-29T15:14:52","date_gmt":"2012-03-29T15:14:52","guid":{"rendered":"http:\/\/www.monika-bidner.at\/art\/?p=448"},"modified":"2013-01-24T11:40:43","modified_gmt":"2013-01-24T11:40:43","slug":"2012-galerie-bertrand-kass-innsbruck","status":"publish","type":"post","link":"https:\/\/www.monika-bidner.at\/art\/2012-galerie-bertrand-kass-innsbruck\/","title":{"rendered":"2012 \u2013 Galerie Bertrand Kass, Innsbruck"},"content":{"rendered":"<p><strong>Aufnahme in die Gruppe30<\/strong><\/p>\n<blockquote><p><a href=\"http:\/\/www.monika-bidner.at\/art\/wp-content\/uploads\/gruppe30-logo-klein.jpg\"><img loading=\"lazy\" decoding=\"async\" class=\"alignleft size-full wp-image-537\" title=\"gruppe30-logo-klein\" src=\"http:\/\/www.monika-bidner.at\/art\/wp-content\/uploads\/gruppe30-logo-klein.jpg\" alt=\"\" width=\"200\" height=\"198\" srcset=\"https:\/\/www.monika-bidner.at\/art\/wp-content\/uploads\/gruppe30-logo-klein.jpg 200w, https:\/\/www.monika-bidner.at\/art\/wp-content\/uploads\/gruppe30-logo-klein-150x150.jpg 150w\" sizes=\"(max-width: 200px) 100vw, 200px\" \/><\/a>Die internationale K\u00fcnstlergruppe <a title=\"Gruppe 30\" href=\"http:\/\/galerie-kass.at\/gruppe30.php\" target=\"_blank\">&#8222;Gruppe30&#8220;<\/a> wurde 1998 durch die Galerie Bertrand Kass gegr\u00fcndet. Ziel der Gruppe ist, die Stammk\u00fcnstler, jene, welche regelm\u00e4ssig ausstellen, mit den Highlights des Jahres zu vereinen. So pr\u00e4sentiert Bertrand Kass jedes Jahr als Neujahrsausstellung dem Innsbrucker Publikum die <a title=\"Gruppe 30\" href=\"http:\/\/galerie-kass.at\/gruppe30.php\" target=\"_blank\">&#8222;Gruppe30&#8220;<\/a>, um so \u00fcber den aktuellen Stand zu informieren. W\u00e4hrend des Jahres folgen Ausstellungen an anderen Orten. Die K\u00fcnstler der Gruppe kommen aus Italien, Luxemburg, der Schweiz, Ungarn, Deutschland und \u00d6sterreich. Teilweise nehmen auch Polen und Spanier teil. Sie dokumentieren die internationalen Verbindungen der Galerie.<\/p><\/blockquote>\n<p>\u00a9 <a title=\"Galerie Bertrand Kass\" href=\"http:\/\/www.galerie-kass.at\/\" target=\"_blank\">Galerie Bertrand Kass<\/a><\/p>\n<hr \/>\n<p style=\"text-align: right;\"><a title=\"2012\" href=\"http:\/\/www.monika-bidner.at\/art\/ausstellungen\/ausstellungen-2012\/\">\u00ab zur\u00fcck zur \u00dcbersicht<\/a><\/p>\n","protected":false},"excerpt":{"rendered":"<p>Aufnahme in die Gruppe30 Die internationale K\u00fcnstlergruppe &#8222;Gruppe30&#8220; wurde 1998 durch die Galerie Bertrand Kass gegr\u00fcndet. Ziel der Gruppe ist, die Stammk\u00fcnstler, jene, welche regelm\u00e4ssig ausstellen, mit den Highlights des Jahres zu vereinen. So pr\u00e4sentiert Bertrand Kass jedes Jahr als Neujahrsausstellung dem Innsbrucker Publikum die &#8222;Gruppe30&#8220;, um so \u00fcber den aktuellen Stand zu informieren. W\u00e4hrend [&hellip;]<\/p>\n","protected":false},"author":1,"featured_media":532,"comment_status":"closed","ping_status":"closed","sticky":false,"template":"","format":"standard","meta":{"footnotes":""},"categories":[10],"tags":[20,15,12,21,27,18,25,26,16,9,13,28,14,19,11,22,23,34,29,24,17],"_links":{"self":[{"href":"https:\/\/www.monika-bidner.at\/art\/wp-json\/wp\/v2\/posts\/448"}],"collection":[{"href":"https:\/\/www.monika-bidner.at\/art\/wp-json\/wp\/v2\/posts"}],"about":[{"href":"https:\/\/www.monika-bidner.at\/art\/wp-json\/wp\/v2\/types\/post"}],"author":[{"embeddable":true,"href":"https:\/\/www.monika-bidner.at\/art\/wp-json\/wp\/v2\/users\/1"}],"replies":[{"embeddable":true,"href":"https:\/\/www.monika-bidner.at\/art\/wp-json\/wp\/v2\/comments?post=448"}],"version-history":[{"count":14,"href":"https:\/\/www.monika-bidner.at\/art\/wp-json\/wp\/v2\/posts\/448\/revisions"}],"predecessor-version":[{"id":534,"href":"https:\/\/www.monika-bidner.at\/art\/wp-json\/wp\/v2\/posts\/448\/revisions\/534"}],"wp:featuredmedia":[{"embeddable":true,"href":"https:\/\/www.monika-bidner.at\/art\/wp-json\/wp\/v2\/media\/532"}],"wp:attachment":[{"href":"https:\/\/www.monika-bidner.at\/art\/wp-json\/wp\/v2\/media?parent=448"}],"wp:term":[{"taxonomy":"category","embeddable":true,"href":"https:\/\/www.monika-bidner.at\/art\/wp-json\/wp\/v2\/categories?post=448"},{"taxonomy":"post_tag","embeddable":true,"href":"https:\/\/www.monika-bidner.at\/art\/wp-json\/wp\/v2\/tags?post=448"}],"curies":[{"name":"wp","href":"https:\/\/api.w.org\/{rel}","templated":true}]}}